{"id":10367,"date":"2026-01-22T19:17:08","date_gmt":"2026-01-22T18:17:08","guid":{"rendered":"https:\/\/rubricafarma.com\/?p=10367"},"modified":"2026-01-22T19:27:18","modified_gmt":"2026-01-22T18:27:18","slug":"farmacies-en-venda-amb-llicencia","status":"publish","type":"post","link":"https:\/\/rubricafarma.com\/ca\/lnd\/farmacies-en-venda-amb-llicencia","title":{"rendered":"Farm\u00e0cies en venda amb llic\u00e8ncia"},"content":{"rendered":"<p><strong>Inversi\u00f3 segura i sense sorpreses. A R\u00daBRICA auditem cada llic\u00e8ncia i gestionem el trasp\u00e0s integral perqu\u00e8 tu nom\u00e9s t\u2019hagis de preocupar de rendibilitzar el teu nou negoci.<\/strong><\/p>\n<h2><strong>No compres un local, inverteixes en una llic\u00e8ncia<\/strong><\/h2>\n<p>El mercat farmac\u00e8utic \u00e9s complex i la burocr\u00e0cia pot esdevenir un obstacle. A R\u00daBRICA entenem que buscar <strong>farm\u00e0cies en venda amb llic\u00e8ncia<\/strong> \u00e9s una decisi\u00f3 de vida i una operaci\u00f3 financera d\u2019alt nivell.<\/p>\n<figure id=\"attachment_7426\" aria-describedby=\"caption-attachment-7426\" style=\"width: 1280px\" class=\"wp-caption alignnone\"><img fetchpriority=\"high\" decoding=\"async\" class=\"size-full wp-image-7426\" src=\"https:\/\/rubricafarma.com\/wp-content\/uploads\/2025\/02\/Quiero-vender-una-farmacia-en-Barcelona-ciudad_2.jpg\" alt=\"Farm\u00e0cies en venda amb llic\u00e8ncia\" width=\"1280\" height=\"740\" srcset=\"https:\/\/rubricafarma.com\/wp-content\/uploads\/2025\/02\/Quiero-vender-una-farmacia-en-Barcelona-ciudad_2.jpg 1280w, https:\/\/rubricafarma.com\/wp-content\/uploads\/2025\/02\/Quiero-vender-una-farmacia-en-Barcelona-ciudad_2-300x173.jpg 300w, https:\/\/rubricafarma.com\/wp-content\/uploads\/2025\/02\/Quiero-vender-una-farmacia-en-Barcelona-ciudad_2-1024x592.jpg 1024w, https:\/\/rubricafarma.com\/wp-content\/uploads\/2025\/02\/Quiero-vender-una-farmacia-en-Barcelona-ciudad_2-768x444.jpg 768w\" sizes=\"(max-width: 1280px) 100vw, 1280px\" \/><figcaption id=\"caption-attachment-7426\" class=\"wp-caption-text\"><em>Farm\u00e0cies en venda amb llic\u00e8ncia: R\u00daBRICA \u00e9s el teu partner expert en el sector salut<\/em><\/figcaption><\/figure>\n<p>Per aix\u00f2, el nostre enfocament es basa en la seguretat jur\u00eddica i econ\u00f2mica:<\/p>\n<ul>\n<li><strong>Auditoria pr\u00e8via:<\/strong> abans de publicar una farm\u00e0cia, el nostre equip legal revisa la vig\u00e8ncia i les condicions de la llic\u00e8ncia administrativa.<\/li>\n<li><strong>Transpar\u00e8ncia en la facturaci\u00f3:<\/strong> acc\u00e9s a dades reals de facturaci\u00f3 SOE i venda lliure. Sense dades ocultes.<\/li>\n<li><strong>Sense lletra petita:<\/strong> t\u2019acompanyem en la <em>due diligence<\/em> per garantir que la llic\u00e8ncia est\u00e0 lliure de c\u00e0rregues i sancions.<\/li>\n<\/ul>\n<p><strong>El 90 % dels problemes en un trasp\u00e0s sorgeixen per una gesti\u00f3 deficient de la documentaci\u00f3 de la llic\u00e8ncia. A R\u00daBRICA, aquest risc desapareix.<\/strong><\/p>\n<p><strong>El teu partner expert en el sector salut<\/strong><\/p>\n<ul>\n<li><strong>Cartera exclusiva:<\/strong> acc\u00e9s a oportunitats <em>off-market<\/em> que no trobar\u00e0s en portals generalistes.<\/li>\n<li><strong>An\u00e0lisi de viabilitat:<\/strong> et lliurem un informe de rendibilitat i potencial de creixement de la farm\u00e0cia.<\/li>\n<li><strong>Finan\u00e7ament a mida:<\/strong> col\u00b7laborem amb entitats banc\u00e0ries especialitzades en el sector farm\u00e0cia per facilitar la teva <a href=\"https:\/\/rubricafarma.com\/ca\/comprar-mes-farmacies\">compra<\/a>.<\/li>\n<li><strong>Tracte personalitzat:<\/strong> un consultor s\u00e8nior t\u2019assignar\u00e0 les farm\u00e0cies que encaixin amb el teu pressupost i la zona de prefer\u00e8ncia.<\/li>\n<\/ul>\n<p><strong>Troba la teva farm\u00e0cia ideal avui mateix<\/strong><\/p>\n<p>Omple aquest formulari per accedir al nostre dossier privat de <strong>farm\u00e0cies en venda amb llic\u00e8ncia<\/strong>. Un dels nostres consultors es posar\u00e0 en contacte amb tu en menys de 24 hores per presentar-te opcions reals i rendibles.<\/p>\n\n<div class=\"wpcf7 no-js\" id=\"wpcf7-f6080-o1\" lang=\"es-ES\" dir=\"ltr\" data-wpcf7-id=\"6080\">\n<div class=\"screen-reader-response\"><p role=\"status\" aria-live=\"polite\" aria-atomic=\"true\"><\/p> <ul><\/ul><\/div>\n<form action=\"\/ca\/wp-json\/wp\/v2\/posts\/10367#wpcf7-f6080-o1\" method=\"post\" class=\"wpcf7-form init\" aria-label=\"Formulario de contacto\" novalidate=\"novalidate\" data-status=\"init\">\n<fieldset class=\"hidden-fields-container\"><input type=\"hidden\" name=\"_wpcf7\" value=\"6080\" \/><input type=\"hidden\" name=\"_wpcf7_version\" value=\"6.1.5\" \/><input type=\"hidden\" name=\"_wpcf7_locale\" value=\"es_ES\" \/><input type=\"hidden\" name=\"_wpcf7_unit_tag\" value=\"wpcf7-f6080-o1\" \/><input type=\"hidden\" name=\"_wpcf7_container_post\" value=\"0\" \/><input type=\"hidden\" name=\"_wpcf7_posted_data_hash\" value=\"\" \/><input type=\"hidden\" name=\"_wpcf7_recaptcha_response\" value=\"\" \/>\n<\/fieldset>\n<p><label> Tu nombre<br \/>\n<span class=\"wpcf7-form-control-wrap\" data-name=\"your-name\"><input size=\"40\" maxlength=\"400\" class=\"wpcf7-form-control wpcf7-text wpcf7-validates-as-required\" autocomplete=\"name\" aria-required=\"true\" aria-invalid=\"false\" value=\"\" type=\"text\" name=\"your-name\" \/><\/span> <\/label>\n<\/p>\n<p><label> Tu correo electr\u00f3nico<br \/>\n<span class=\"wpcf7-form-control-wrap\" data-name=\"your-email\"><input size=\"40\" maxlength=\"400\" class=\"wpcf7-form-control wpcf7-email wpcf7-validates-as-required wpcf7-text wpcf7-validates-as-email\" autocomplete=\"email\" aria-required=\"true\" aria-invalid=\"false\" value=\"\" type=\"email\" name=\"your-email\" \/><\/span> <\/label>\n<\/p>\n<p><label> Asunto<br \/>\n<span class=\"wpcf7-form-control-wrap\" data-name=\"your-subject\"><input size=\"40\" maxlength=\"400\" class=\"wpcf7-form-control wpcf7-text wpcf7-validates-as-required\" aria-required=\"true\" aria-invalid=\"false\" value=\"\" type=\"text\" name=\"your-subject\" \/><\/span> <\/label>\n<\/p>\n<p><label> Tu mensaje (opcional)<br \/>\n<span class=\"wpcf7-form-control-wrap\" data-name=\"your-message\"><textarea cols=\"40\" rows=\"10\" maxlength=\"2000\" class=\"wpcf7-form-control wpcf7-textarea\" aria-invalid=\"false\" name=\"your-message\"><\/textarea><\/span> <\/label>\n<\/p>\n<p><input class=\"wpcf7-form-control wpcf7-submit has-spinner\" type=\"submit\" value=\"Enviar\" \/>\n<\/p><div class=\"wpcf7-response-output\" aria-hidden=\"true\"><\/div>\n<\/form>\n<\/div>\n\n<p><em>&#8220;Gr\u00e0cies a R\u00daBRICA vaig trobar una farm\u00e0cia amb llic\u00e8ncia a Barcelona que s\u2019ajustava exactament a la meva capacitat d\u2019inversi\u00f3. La transpar\u00e8ncia en els n\u00fameros va ser total des del primer dia.&#8221;<\/em> \u2014 <strong>Maria G., nova titulara.<\/strong><\/p>\n<p><strong>Per al millor assessorament i per no perdre la salut en operacions a Espanya, R\u00daBRICA!<\/strong><\/p>\n<p>&nbsp;<\/p>\n","protected":false},"excerpt":{"rendered":"<p>Inversi\u00f3 segura i sense sorpreses. A R\u00daBRICA auditem cada llic\u00e8ncia i gestionem el trasp\u00e0s integral perqu\u00e8 tu nom\u00e9s t\u2019hagis de preocupar de rendibilitzar el teu nou negoci. No compres un local, inverteixes en una llic\u00e8ncia El mercat farmac\u00e8utic \u00e9s complex i la burocr\u00e0cia pot esdevenir un obstacle. A R\u00daBRICA entenem que buscar farm\u00e0cies en venda [&hellip;]<\/p>\n","protected":false},"author":9,"featured_media":0,"comment_status":"closed","ping_status":"closed","sticky":false,"template":"","format":"standard","meta":{"om_disable_all_campaigns":false,"_monsterinsights_skip_tracking":false,"_monsterinsights_sitenote_active":false,"_monsterinsights_sitenote_note":"","_monsterinsights_sitenote_category":0,"_uf_show_specific_survey":0,"_uf_disable_surveys":false,"footnotes":""},"categories":[65],"tags":[],"class_list":["post-10367","post","type-post","status-publish","format-standard","hentry","category-lnd"],"yoast_head":"<!-- This site is optimized with the Yoast SEO plugin v27.3 - https:\/\/yoast.com\/product\/yoast-seo-wordpress\/ -->\n<title>Farm\u00e0cies en venda amb llic\u00e8ncia<\/title>\n<meta name=\"description\" content=\"Farm\u00e0cies en venda amb llic\u00e8ncia, Farm\u00e0cies en venda amb llic\u00e8ncia:Tracte personalitzat, cartera exclusiva: R\u00daBRICA\" \/>\n<meta name=\"robots\" content=\"index, follow, max-snippet:-1, max-image-preview:large, max-video-preview:-1\" \/>\n<link rel=\"canonical\" href=\"https:\/\/rubricafarma.com\/ca\/lnd\/farmacies-en-venda-amb-llicencia\" \/>\n<meta property=\"og:locale\" content=\"ca_ES\" \/>\n<meta property=\"og:type\" content=\"article\" \/>\n<meta property=\"og:title\" content=\"Farm\u00e0cies en venda amb llic\u00e8ncia\" \/>\n<meta property=\"og:description\" content=\"Farm\u00e0cies en venda amb llic\u00e8ncia, Farm\u00e0cies en venda amb llic\u00e8ncia:Tracte personalitzat, cartera exclusiva: R\u00daBRICA\" \/>\n<meta property=\"og:url\" content=\"https:\/\/rubricafarma.com\/ca\/lnd\/farmacies-en-venda-amb-llicencia\" \/>\n<meta property=\"og:site_name\" content=\"R\u00fabrica Farma\" \/>\n<meta property=\"article:published_time\" content=\"2026-01-22T18:17:08+00:00\" \/>\n<meta property=\"article:modified_time\" content=\"2026-01-22T18:27:18+00:00\" \/>\n<meta property=\"og:image\" content=\"https:\/\/rubricafarma.com\/wp-content\/uploads\/2025\/02\/Quiero-vender-una-farmacia-en-Barcelona-ciudad_2.jpg\" \/>\n\t<meta property=\"og:image:width\" content=\"1280\" \/>\n\t<meta property=\"og:image:height\" content=\"740\" \/>\n\t<meta property=\"og:image:type\" content=\"image\/jpeg\" \/>\n<meta name=\"author\" content=\"adminflan\" \/>\n<meta name=\"twitter:card\" content=\"summary_large_image\" \/>\n<meta name=\"twitter:label1\" content=\"Escrit per\" \/>\n\t<meta name=\"twitter:data1\" content=\"adminflan\" \/>\n\t<meta name=\"twitter:label2\" content=\"Temps estimat de lectura\" \/>\n\t<meta name=\"twitter:data2\" content=\"2 minuts\" \/>\n<script type=\"application\/ld+json\" class=\"yoast-schema-graph\">{\"@context\":\"https:\\\/\\\/schema.org\",\"@graph\":[{\"@type\":\"Article\",\"@id\":\"https:\\\/\\\/rubricafarma.com\\\/ca\\\/lnd\\\/farmacies-en-venda-amb-llicencia#article\",\"isPartOf\":{\"@id\":\"https:\\\/\\\/rubricafarma.com\\\/ca\\\/lnd\\\/farmacies-en-venda-amb-llicencia\"},\"author\":{\"name\":\"adminflan\",\"@id\":\"https:\\\/\\\/rubricafarma.com\\\/ca#\\\/schema\\\/person\\\/59c22e033cd1f323c1db09b0d5f6837a\"},\"headline\":\"Farm\u00e0cies en venda amb llic\u00e8ncia\",\"datePublished\":\"2026-01-22T18:17:08+00:00\",\"dateModified\":\"2026-01-22T18:27:18+00:00\",\"mainEntityOfPage\":{\"@id\":\"https:\\\/\\\/rubricafarma.com\\\/ca\\\/lnd\\\/farmacies-en-venda-amb-llicencia\"},\"wordCount\":414,\"publisher\":{\"@id\":\"https:\\\/\\\/rubricafarma.com\\\/ca#organization\"},\"image\":{\"@id\":\"https:\\\/\\\/rubricafarma.com\\\/ca\\\/lnd\\\/farmacies-en-venda-amb-llicencia#primaryimage\"},\"thumbnailUrl\":\"https:\\\/\\\/rubricafarma.com\\\/wp-content\\\/uploads\\\/2025\\\/02\\\/Quiero-vender-una-farmacia-en-Barcelona-ciudad_2.jpg\",\"articleSection\":[\"Landing\"],\"inLanguage\":\"ca\"},{\"@type\":\"WebPage\",\"@id\":\"https:\\\/\\\/rubricafarma.com\\\/ca\\\/lnd\\\/farmacies-en-venda-amb-llicencia\",\"url\":\"https:\\\/\\\/rubricafarma.com\\\/ca\\\/lnd\\\/farmacies-en-venda-amb-llicencia\",\"name\":\"Farm\u00e0cies en venda amb llic\u00e8ncia\",\"isPartOf\":{\"@id\":\"https:\\\/\\\/rubricafarma.com\\\/ca#website\"},\"primaryImageOfPage\":{\"@id\":\"https:\\\/\\\/rubricafarma.com\\\/ca\\\/lnd\\\/farmacies-en-venda-amb-llicencia#primaryimage\"},\"image\":{\"@id\":\"https:\\\/\\\/rubricafarma.com\\\/ca\\\/lnd\\\/farmacies-en-venda-amb-llicencia#primaryimage\"},\"thumbnailUrl\":\"https:\\\/\\\/rubricafarma.com\\\/wp-content\\\/uploads\\\/2025\\\/02\\\/Quiero-vender-una-farmacia-en-Barcelona-ciudad_2.jpg\",\"datePublished\":\"2026-01-22T18:17:08+00:00\",\"dateModified\":\"2026-01-22T18:27:18+00:00\",\"description\":\"Farm\u00e0cies en venda amb llic\u00e8ncia, Farm\u00e0cies en venda amb llic\u00e8ncia:Tracte personalitzat, cartera exclusiva: R\u00daBRICA\",\"breadcrumb\":{\"@id\":\"https:\\\/\\\/rubricafarma.com\\\/ca\\\/lnd\\\/farmacies-en-venda-amb-llicencia#breadcrumb\"},\"inLanguage\":\"ca\",\"potentialAction\":[{\"@type\":\"ReadAction\",\"target\":[\"https:\\\/\\\/rubricafarma.com\\\/ca\\\/lnd\\\/farmacies-en-venda-amb-llicencia\"]}]},{\"@type\":\"ImageObject\",\"inLanguage\":\"ca\",\"@id\":\"https:\\\/\\\/rubricafarma.com\\\/ca\\\/lnd\\\/farmacies-en-venda-amb-llicencia#primaryimage\",\"url\":\"https:\\\/\\\/rubricafarma.com\\\/wp-content\\\/uploads\\\/2025\\\/02\\\/Quiero-vender-una-farmacia-en-Barcelona-ciudad_2.jpg\",\"contentUrl\":\"https:\\\/\\\/rubricafarma.com\\\/wp-content\\\/uploads\\\/2025\\\/02\\\/Quiero-vender-una-farmacia-en-Barcelona-ciudad_2.jpg\"},{\"@type\":\"BreadcrumbList\",\"@id\":\"https:\\\/\\\/rubricafarma.com\\\/ca\\\/lnd\\\/farmacies-en-venda-amb-llicencia#breadcrumb\",\"itemListElement\":[{\"@type\":\"ListItem\",\"position\":1,\"name\":\"Portada\",\"item\":\"https:\\\/\\\/rubricafarma.com\\\/ca\"},{\"@type\":\"ListItem\",\"position\":2,\"name\":\"Farm\u00e0cies en venda amb llic\u00e8ncia\"}]},{\"@type\":\"WebSite\",\"@id\":\"https:\\\/\\\/rubricafarma.com\\\/ca#website\",\"url\":\"https:\\\/\\\/rubricafarma.com\\\/ca\",\"name\":\"R\u00fabrica Farma\",\"description\":\"Compra Venta de Farmacias\",\"publisher\":{\"@id\":\"https:\\\/\\\/rubricafarma.com\\\/ca#organization\"},\"potentialAction\":[{\"@type\":\"SearchAction\",\"target\":{\"@type\":\"EntryPoint\",\"urlTemplate\":\"https:\\\/\\\/rubricafarma.com\\\/ca?s={search_term_string}\"},\"query-input\":{\"@type\":\"PropertyValueSpecification\",\"valueRequired\":true,\"valueName\":\"search_term_string\"}}],\"inLanguage\":\"ca\"},{\"@type\":\"Organization\",\"@id\":\"https:\\\/\\\/rubricafarma.com\\\/ca#organization\",\"name\":\"R\u00fabrica Farma\",\"url\":\"https:\\\/\\\/rubricafarma.com\\\/ca\",\"logo\":{\"@type\":\"ImageObject\",\"inLanguage\":\"ca\",\"@id\":\"https:\\\/\\\/rubricafarma.com\\\/ca#\\\/schema\\\/logo\\\/image\\\/\",\"url\":\"https:\\\/\\\/rubricafarma.com\\\/wp-content\\\/uploads\\\/2022\\\/01\\\/AF_Lg-Rubrica-4T.png\",\"contentUrl\":\"https:\\\/\\\/rubricafarma.com\\\/wp-content\\\/uploads\\\/2022\\\/01\\\/AF_Lg-Rubrica-4T.png\",\"width\":2848,\"height\":973,\"caption\":\"R\u00fabrica Farma\"},\"image\":{\"@id\":\"https:\\\/\\\/rubricafarma.com\\\/ca#\\\/schema\\\/logo\\\/image\\\/\"},\"sameAs\":[\"https:\\\/\\\/www.instagram.com\\\/rubricafarma\\\/\",\"https:\\\/\\\/www.linkedin.com\\\/company\\\/rubricafarma\\\/\",\"https:\\\/\\\/www.youtube.com\\\/@rubricafarma\"]},{\"@type\":\"Person\",\"@id\":\"https:\\\/\\\/rubricafarma.com\\\/ca#\\\/schema\\\/person\\\/59c22e033cd1f323c1db09b0d5f6837a\",\"name\":\"adminflan\",\"image\":{\"@type\":\"ImageObject\",\"inLanguage\":\"ca\",\"@id\":\"https:\\\/\\\/secure.gravatar.com\\\/avatar\\\/0cc4509edd81fc2d2546b4d829884d6856ab1aac7eeb73fddf8c088f33e31583?s=96&d=mm&r=g\",\"url\":\"https:\\\/\\\/secure.gravatar.com\\\/avatar\\\/0cc4509edd81fc2d2546b4d829884d6856ab1aac7eeb73fddf8c088f33e31583?s=96&d=mm&r=g\",\"contentUrl\":\"https:\\\/\\\/secure.gravatar.com\\\/avatar\\\/0cc4509edd81fc2d2546b4d829884d6856ab1aac7eeb73fddf8c088f33e31583?s=96&d=mm&r=g\",\"caption\":\"adminflan\"},\"url\":\"https:\\\/\\\/rubricafarma.com\\\/ca\\\/author\\\/adminflan\"}]}<\/script>\n<!-- \/ Yoast SEO plugin. -->","yoast_head_json":{"title":"Farm\u00e0cies en venda amb llic\u00e8ncia","description":"Farm\u00e0cies en venda amb llic\u00e8ncia, Farm\u00e0cies en venda amb llic\u00e8ncia:Tracte personalitzat, cartera exclusiva: R\u00daBRICA","robots":{"index":"index","follow":"follow","max-snippet":"max-snippet:-1","max-image-preview":"max-image-preview:large","max-video-preview":"max-video-preview:-1"},"canonical":"https:\/\/rubricafarma.com\/ca\/lnd\/farmacies-en-venda-amb-llicencia","og_locale":"ca_ES","og_type":"article","og_title":"Farm\u00e0cies en venda amb llic\u00e8ncia","og_description":"Farm\u00e0cies en venda amb llic\u00e8ncia, Farm\u00e0cies en venda amb llic\u00e8ncia:Tracte personalitzat, cartera exclusiva: R\u00daBRICA","og_url":"https:\/\/rubricafarma.com\/ca\/lnd\/farmacies-en-venda-amb-llicencia","og_site_name":"R\u00fabrica Farma","article_published_time":"2026-01-22T18:17:08+00:00","article_modified_time":"2026-01-22T18:27:18+00:00","og_image":[{"width":1280,"height":740,"url":"https:\/\/rubricafarma.com\/wp-content\/uploads\/2025\/02\/Quiero-vender-una-farmacia-en-Barcelona-ciudad_2.jpg","type":"image\/jpeg"}],"author":"adminflan","twitter_card":"summary_large_image","twitter_misc":{"Escrit per":"adminflan","Temps estimat de lectura":"2 minuts"},"schema":{"@context":"https:\/\/schema.org","@graph":[{"@type":"Article","@id":"https:\/\/rubricafarma.com\/ca\/lnd\/farmacies-en-venda-amb-llicencia#article","isPartOf":{"@id":"https:\/\/rubricafarma.com\/ca\/lnd\/farmacies-en-venda-amb-llicencia"},"author":{"name":"adminflan","@id":"https:\/\/rubricafarma.com\/ca#\/schema\/person\/59c22e033cd1f323c1db09b0d5f6837a"},"headline":"Farm\u00e0cies en venda amb llic\u00e8ncia","datePublished":"2026-01-22T18:17:08+00:00","dateModified":"2026-01-22T18:27:18+00:00","mainEntityOfPage":{"@id":"https:\/\/rubricafarma.com\/ca\/lnd\/farmacies-en-venda-amb-llicencia"},"wordCount":414,"publisher":{"@id":"https:\/\/rubricafarma.com\/ca#organization"},"image":{"@id":"https:\/\/rubricafarma.com\/ca\/lnd\/farmacies-en-venda-amb-llicencia#primaryimage"},"thumbnailUrl":"https:\/\/rubricafarma.com\/wp-content\/uploads\/2025\/02\/Quiero-vender-una-farmacia-en-Barcelona-ciudad_2.jpg","articleSection":["Landing"],"inLanguage":"ca"},{"@type":"WebPage","@id":"https:\/\/rubricafarma.com\/ca\/lnd\/farmacies-en-venda-amb-llicencia","url":"https:\/\/rubricafarma.com\/ca\/lnd\/farmacies-en-venda-amb-llicencia","name":"Farm\u00e0cies en venda amb llic\u00e8ncia","isPartOf":{"@id":"https:\/\/rubricafarma.com\/ca#website"},"primaryImageOfPage":{"@id":"https:\/\/rubricafarma.com\/ca\/lnd\/farmacies-en-venda-amb-llicencia#primaryimage"},"image":{"@id":"https:\/\/rubricafarma.com\/ca\/lnd\/farmacies-en-venda-amb-llicencia#primaryimage"},"thumbnailUrl":"https:\/\/rubricafarma.com\/wp-content\/uploads\/2025\/02\/Quiero-vender-una-farmacia-en-Barcelona-ciudad_2.jpg","datePublished":"2026-01-22T18:17:08+00:00","dateModified":"2026-01-22T18:27:18+00:00","description":"Farm\u00e0cies en venda amb llic\u00e8ncia, Farm\u00e0cies en venda amb llic\u00e8ncia:Tracte personalitzat, cartera exclusiva: R\u00daBRICA","breadcrumb":{"@id":"https:\/\/rubricafarma.com\/ca\/lnd\/farmacies-en-venda-amb-llicencia#breadcrumb"},"inLanguage":"ca","potentialAction":[{"@type":"ReadAction","target":["https:\/\/rubricafarma.com\/ca\/lnd\/farmacies-en-venda-amb-llicencia"]}]},{"@type":"ImageObject","inLanguage":"ca","@id":"https:\/\/rubricafarma.com\/ca\/lnd\/farmacies-en-venda-amb-llicencia#primaryimage","url":"https:\/\/rubricafarma.com\/wp-content\/uploads\/2025\/02\/Quiero-vender-una-farmacia-en-Barcelona-ciudad_2.jpg","contentUrl":"https:\/\/rubricafarma.com\/wp-content\/uploads\/2025\/02\/Quiero-vender-una-farmacia-en-Barcelona-ciudad_2.jpg"},{"@type":"BreadcrumbList","@id":"https:\/\/rubricafarma.com\/ca\/lnd\/farmacies-en-venda-amb-llicencia#breadcrumb","itemListElement":[{"@type":"ListItem","position":1,"name":"Portada","item":"https:\/\/rubricafarma.com\/ca"},{"@type":"ListItem","position":2,"name":"Farm\u00e0cies en venda amb llic\u00e8ncia"}]},{"@type":"WebSite","@id":"https:\/\/rubricafarma.com\/ca#website","url":"https:\/\/rubricafarma.com\/ca","name":"R\u00fabrica Farma","description":"Compra Venta de Farmacias","publisher":{"@id":"https:\/\/rubricafarma.com\/ca#organization"},"potentialAction":[{"@type":"SearchAction","target":{"@type":"EntryPoint","urlTemplate":"https:\/\/rubricafarma.com\/ca?s={search_term_string}"},"query-input":{"@type":"PropertyValueSpecification","valueRequired":true,"valueName":"search_term_string"}}],"inLanguage":"ca"},{"@type":"Organization","@id":"https:\/\/rubricafarma.com\/ca#organization","name":"R\u00fabrica Farma","url":"https:\/\/rubricafarma.com\/ca","logo":{"@type":"ImageObject","inLanguage":"ca","@id":"https:\/\/rubricafarma.com\/ca#\/schema\/logo\/image\/","url":"https:\/\/rubricafarma.com\/wp-content\/uploads\/2022\/01\/AF_Lg-Rubrica-4T.png","contentUrl":"https:\/\/rubricafarma.com\/wp-content\/uploads\/2022\/01\/AF_Lg-Rubrica-4T.png","width":2848,"height":973,"caption":"R\u00fabrica Farma"},"image":{"@id":"https:\/\/rubricafarma.com\/ca#\/schema\/logo\/image\/"},"sameAs":["https:\/\/www.instagram.com\/rubricafarma\/","https:\/\/www.linkedin.com\/company\/rubricafarma\/","https:\/\/www.youtube.com\/@rubricafarma"]},{"@type":"Person","@id":"https:\/\/rubricafarma.com\/ca#\/schema\/person\/59c22e033cd1f323c1db09b0d5f6837a","name":"adminflan","image":{"@type":"ImageObject","inLanguage":"ca","@id":"https:\/\/secure.gravatar.com\/avatar\/0cc4509edd81fc2d2546b4d829884d6856ab1aac7eeb73fddf8c088f33e31583?s=96&d=mm&r=g","url":"https:\/\/secure.gravatar.com\/avatar\/0cc4509edd81fc2d2546b4d829884d6856ab1aac7eeb73fddf8c088f33e31583?s=96&d=mm&r=g","contentUrl":"https:\/\/secure.gravatar.com\/avatar\/0cc4509edd81fc2d2546b4d829884d6856ab1aac7eeb73fddf8c088f33e31583?s=96&d=mm&r=g","caption":"adminflan"},"url":"https:\/\/rubricafarma.com\/ca\/author\/adminflan"}]}},"_links":{"self":[{"href":"https:\/\/rubricafarma.com\/ca\/wp-json\/wp\/v2\/posts\/10367","targetHints":{"allow":["GET"]}}],"collection":[{"href":"https:\/\/rubricafarma.com\/ca\/wp-json\/wp\/v2\/posts"}],"about":[{"href":"https:\/\/rubricafarma.com\/ca\/wp-json\/wp\/v2\/types\/post"}],"author":[{"embeddable":true,"href":"https:\/\/rubricafarma.com\/ca\/wp-json\/wp\/v2\/users\/9"}],"replies":[{"embeddable":true,"href":"https:\/\/rubricafarma.com\/ca\/wp-json\/wp\/v2\/comments?post=10367"}],"version-history":[{"count":3,"href":"https:\/\/rubricafarma.com\/ca\/wp-json\/wp\/v2\/posts\/10367\/revisions"}],"predecessor-version":[{"id":10370,"href":"https:\/\/rubricafarma.com\/ca\/wp-json\/wp\/v2\/posts\/10367\/revisions\/10370"}],"wp:attachment":[{"href":"https:\/\/rubricafarma.com\/ca\/wp-json\/wp\/v2\/media?parent=10367"}],"wp:term":[{"taxonomy":"category","embeddable":true,"href":"https:\/\/rubricafarma.com\/ca\/wp-json\/wp\/v2\/categories?post=10367"},{"taxonomy":"post_tag","embeddable":true,"href":"https:\/\/rubricafarma.com\/ca\/wp-json\/wp\/v2\/tags?post=10367"}],"curies":[{"name":"wp","href":"https:\/\/api.w.org\/{rel}","templated":true}]}}