{"id":3471,"date":"2023-05-29T08:28:34","date_gmt":"2023-05-29T06:28:34","guid":{"rendered":"https:\/\/rubricafarma.com\/?p=3471"},"modified":"2024-09-09T12:22:24","modified_gmt":"2024-09-09T10:22:24","slug":"horari-de-la-farmacia-motiu-de-disputa","status":"publish","type":"post","link":"https:\/\/rubricafarma.com\/ca\/blog-ca\/horari-de-la-farmacia-motiu-de-disputa","title":{"rendered":"Horari de la farm\u00e0cia&#8230; motiu de disputa?"},"content":{"rendered":"\nArray\n\n\n\n<div style=\"height:30px\" aria-hidden=\"true\" class=\"wp-block-spacer\"><\/div>\n\n\n\n<p>Entre el titular d\u2019una farm\u00e0cia i els seus treballadors poden donar-se alguns temes en els quals hi hagi una certa disparitat d\u2019opinions: l\u2019horari de la farm\u00e0cia pot ser un d\u2019ells.<\/p>\n\n\n\n<p>En aquest sentit, els Convenis Col\u00b7lectius Provincials s\u00f3n els que establiran les jornades de treball ordin\u00e0ries m\u00e0ximes (P.e 1.804 h\/anuals Segons conveni de Barcelona, 1782 h\/anuals Segons conveni Interprovincial de Lleida, Girona i Tarragona).<\/p>\n\n\n\n<p>A l\u2019article 21 del XXV del Conveni Col\u00b7lectiu Nacional per oficines de farm\u00e0cia s\u2019estableix que la jornada de treball es regir\u00e0 segons l\u2019article 34 de l\u2019Estatut dels treballadors. A m\u00e9s, s\u2019especifica que la distribuci\u00f3 de la jornada es realitzar\u00e0 tenint en compte que tots els dies de l\u2019any s\u00f3n laborables, a l\u2019efecte dels serveis farmac\u00e8utics, respectant-se els descansos setmanals contemplats en l\u2019Estatut dels Treballadors i abonant les compensacions econ\u00f2miques oportunes reflectides en les taules de retribucions d\u2019aquest Conveni.<\/p>\n\n\n\n<p>Per tant, per a la correcta aplicaci\u00f3 de la normativa, des de R\u00fabrica, us portem alguns senzills consells per a fer front a aquells conflictes que puguin sorgir dels horaris dels treballadors de l\u2019oficina de farm\u00e0cia que podr\u00e0s aplicar des d\u2019avui mateix:<\/p>\n\n\n\n<ul class=\"wp-block-list\">\n<li>\u00c9s recomanable realitzar un&nbsp;<strong>programa de compensacions<\/strong>&nbsp;per aquells torns m\u00e9s complicats, com les gu\u00e0rdies o els caps de setmana, d\u2019aquesta manera s\u2019augmentar\u00e0 la motivaci\u00f3 i proactivitat dels treballadors.<\/li>\n\n\n\n<li>Per tal d\u2019eliminar les desigualtats entre companys es recomana realitzar&nbsp;<strong>rotacions de torns<\/strong>, per la qual cosa, tots els treballadors formin part de cada torn. Tret que s\u2019acordi el contrari, o hi hagi motius objectius com l\u2019antiguitat, la titulaci\u00f3 o l\u2019edat.<\/li>\n\n\n\n<li>De la mateixa manera, s\u2019haur\u00e0 de realitzar un programa rotatori en el qual tot l\u2019equip tingui les mateixes possibilitats de triar els&nbsp;<strong>dies de vacances<\/strong>, amb les mateixes prevencions objectives de l\u2019apartat anterior.<\/li>\n<\/ul>\n\n\n\n<p>I finalment, la millor recomanaci\u00f3 que us podem donar \u00e9s la de consensuar i pactar per escrit els diversos torns a realitzar, el registre d\u2019hores i fins i tot la manera de fer canvis de torn en cas de necessitat.<\/p>\n\n\n\n<p>Si aquest pacte es realitza d\u2019una manera bilateral en el qual tots els integrants de la farm\u00e0cia se sentin valorats i escoltats, s\u2019assumir\u00e0 un comprom\u00eds per les dues parts dif\u00edcil de trencar.<\/p>\n","protected":false},"excerpt":{"rendered":"<p>Entre el titular d\u2019una farm\u00e0cia i els seus treballadors poden donar-se alguns temes en els quals hi hagi una certa disparitat d\u2019opinions: l\u2019horari de la farm\u00e0cia pot ser un d\u2019ells. En aquest sentit, els Convenis Col\u00b7lectius Provincials s\u00f3n els que establiran les jornades de treball ordin\u00e0ries m\u00e0ximes (P.e 1.804 h\/anuals Segons conveni de Barcelona, 1782 [&hellip;]<\/p>\n","protected":false},"author":3,"featured_media":3265,"comment_status":"closed","ping_status":"closed","sticky":false,"template":"","format":"standard","meta":{"om_disable_all_campaigns":false,"_monsterinsights_skip_tracking":false,"_monsterinsights_sitenote_active":false,"_monsterinsights_sitenote_note":"","_monsterinsights_sitenote_category":0,"_uf_show_specific_survey":0,"_uf_disable_surveys":false,"footnotes":""},"categories":[64],"tags":[],"class_list":["post-3471","post","type-post","status-publish","format-standard","has-post-thumbnail","hentry","category-blog-ca"],"yoast_head":"<!-- This site is optimized with the Yoast SEO plugin v27.3 - https:\/\/yoast.com\/product\/yoast-seo-wordpress\/ -->\n<title>Horari de la farm\u00e0cia... motiu de disputa?<\/title>\n<meta name=\"robots\" content=\"index, follow, max-snippet:-1, max-image-preview:large, max-video-preview:-1\" \/>\n<link rel=\"canonical\" href=\"https:\/\/rubricafarma.com\/ca\/blog-ca\/horari-de-la-farmacia-motiu-de-disputa\" \/>\n<meta property=\"og:locale\" content=\"ca_ES\" \/>\n<meta property=\"og:type\" content=\"article\" \/>\n<meta property=\"og:title\" content=\"Horari de la farm\u00e0cia... motiu de disputa?\" \/>\n<meta property=\"og:description\" content=\"Entre el titular d\u2019una farm\u00e0cia i els seus treballadors poden donar-se alguns temes en els quals hi hagi una certa disparitat d\u2019opinions: l\u2019horari de la farm\u00e0cia pot ser un d\u2019ells. En aquest sentit, els Convenis Col\u00b7lectius Provincials s\u00f3n els que establiran les jornades de treball ordin\u00e0ries m\u00e0ximes (P.e 1.804 h\/anuals Segons conveni de Barcelona, 1782 [&hellip;]\" \/>\n<meta property=\"og:url\" content=\"https:\/\/rubricafarma.com\/ca\/blog-ca\/horari-de-la-farmacia-motiu-de-disputa\" \/>\n<meta property=\"og:site_name\" content=\"R\u00fabrica Farma\" \/>\n<meta property=\"article:published_time\" content=\"2023-05-29T06:28:34+00:00\" \/>\n<meta property=\"article:modified_time\" content=\"2024-09-09T10:22:24+00:00\" \/>\n<meta property=\"og:image\" content=\"https:\/\/rubricafarma.com\/wp-content\/uploads\/2022\/11\/iStock-1316268689-2-scaled-1.jpg\" \/>\n\t<meta property=\"og:image:width\" content=\"2560\" \/>\n\t<meta property=\"og:image:height\" content=\"1920\" \/>\n\t<meta property=\"og:image:type\" content=\"image\/jpeg\" \/>\n<meta name=\"author\" content=\"ltw\" \/>\n<meta name=\"twitter:card\" content=\"summary_large_image\" \/>\n<meta name=\"twitter:label1\" content=\"Escrit per\" \/>\n\t<meta name=\"twitter:data1\" content=\"ltw\" \/>\n\t<meta name=\"twitter:label2\" content=\"Temps estimat de lectura\" \/>\n\t<meta name=\"twitter:data2\" content=\"2 minuts\" \/>\n<script type=\"application\/ld+json\" class=\"yoast-schema-graph\">{\"@context\":\"https:\\\/\\\/schema.org\",\"@graph\":[{\"@type\":\"Article\",\"@id\":\"https:\\\/\\\/rubricafarma.com\\\/ca\\\/blog-ca\\\/horari-de-la-farmacia-motiu-de-disputa#article\",\"isPartOf\":{\"@id\":\"https:\\\/\\\/rubricafarma.com\\\/ca\\\/blog-ca\\\/horari-de-la-farmacia-motiu-de-disputa\"},\"author\":{\"name\":\"ltw\",\"@id\":\"https:\\\/\\\/rubricafarma.com\\\/ca#\\\/schema\\\/person\\\/824f48a4d026d1e601a475b54cc15007\"},\"headline\":\"Horari de la farm\u00e0cia&#8230; motiu de disputa?\",\"datePublished\":\"2023-05-29T06:28:34+00:00\",\"dateModified\":\"2024-09-09T10:22:24+00:00\",\"mainEntityOfPage\":{\"@id\":\"https:\\\/\\\/rubricafarma.com\\\/ca\\\/blog-ca\\\/horari-de-la-farmacia-motiu-de-disputa\"},\"wordCount\":419,\"publisher\":{\"@id\":\"https:\\\/\\\/rubricafarma.com\\\/ca#organization\"},\"image\":{\"@id\":\"https:\\\/\\\/rubricafarma.com\\\/ca\\\/blog-ca\\\/horari-de-la-farmacia-motiu-de-disputa#primaryimage\"},\"thumbnailUrl\":\"https:\\\/\\\/rubricafarma.com\\\/wp-content\\\/uploads\\\/2022\\\/11\\\/iStock-1316268689-2-scaled-1.jpg\",\"articleSection\":[\"Blog\"],\"inLanguage\":\"ca\"},{\"@type\":\"WebPage\",\"@id\":\"https:\\\/\\\/rubricafarma.com\\\/ca\\\/blog-ca\\\/horari-de-la-farmacia-motiu-de-disputa\",\"url\":\"https:\\\/\\\/rubricafarma.com\\\/ca\\\/blog-ca\\\/horari-de-la-farmacia-motiu-de-disputa\",\"name\":\"Horari de la farm\u00e0cia... motiu de disputa?\",\"isPartOf\":{\"@id\":\"https:\\\/\\\/rubricafarma.com\\\/ca#website\"},\"primaryImageOfPage\":{\"@id\":\"https:\\\/\\\/rubricafarma.com\\\/ca\\\/blog-ca\\\/horari-de-la-farmacia-motiu-de-disputa#primaryimage\"},\"image\":{\"@id\":\"https:\\\/\\\/rubricafarma.com\\\/ca\\\/blog-ca\\\/horari-de-la-farmacia-motiu-de-disputa#primaryimage\"},\"thumbnailUrl\":\"https:\\\/\\\/rubricafarma.com\\\/wp-content\\\/uploads\\\/2022\\\/11\\\/iStock-1316268689-2-scaled-1.jpg\",\"datePublished\":\"2023-05-29T06:28:34+00:00\",\"dateModified\":\"2024-09-09T10:22:24+00:00\",\"breadcrumb\":{\"@id\":\"https:\\\/\\\/rubricafarma.com\\\/ca\\\/blog-ca\\\/horari-de-la-farmacia-motiu-de-disputa#breadcrumb\"},\"inLanguage\":\"ca\",\"potentialAction\":[{\"@type\":\"ReadAction\",\"target\":[\"https:\\\/\\\/rubricafarma.com\\\/ca\\\/blog-ca\\\/horari-de-la-farmacia-motiu-de-disputa\"]}]},{\"@type\":\"ImageObject\",\"inLanguage\":\"ca\",\"@id\":\"https:\\\/\\\/rubricafarma.com\\\/ca\\\/blog-ca\\\/horari-de-la-farmacia-motiu-de-disputa#primaryimage\",\"url\":\"https:\\\/\\\/rubricafarma.com\\\/wp-content\\\/uploads\\\/2022\\\/11\\\/iStock-1316268689-2-scaled-1.jpg\",\"contentUrl\":\"https:\\\/\\\/rubricafarma.com\\\/wp-content\\\/uploads\\\/2022\\\/11\\\/iStock-1316268689-2-scaled-1.jpg\",\"width\":2560,\"height\":1920,\"caption\":\"Sign in the shape of a green cross, to indicate a pharmacy open in Italy.\"},{\"@type\":\"BreadcrumbList\",\"@id\":\"https:\\\/\\\/rubricafarma.com\\\/ca\\\/blog-ca\\\/horari-de-la-farmacia-motiu-de-disputa#breadcrumb\",\"itemListElement\":[{\"@type\":\"ListItem\",\"position\":1,\"name\":\"Portada\",\"item\":\"https:\\\/\\\/rubricafarma.com\\\/ca\"},{\"@type\":\"ListItem\",\"position\":2,\"name\":\"Horari de la farm\u00e0cia&#8230; motiu de disputa?\"}]},{\"@type\":\"WebSite\",\"@id\":\"https:\\\/\\\/rubricafarma.com\\\/ca#website\",\"url\":\"https:\\\/\\\/rubricafarma.com\\\/ca\",\"name\":\"R\u00fabrica Farma\",\"description\":\"Compra Venta de Farmacias\",\"publisher\":{\"@id\":\"https:\\\/\\\/rubricafarma.com\\\/ca#organization\"},\"potentialAction\":[{\"@type\":\"SearchAction\",\"target\":{\"@type\":\"EntryPoint\",\"urlTemplate\":\"https:\\\/\\\/rubricafarma.com\\\/ca?s={search_term_string}\"},\"query-input\":{\"@type\":\"PropertyValueSpecification\",\"valueRequired\":true,\"valueName\":\"search_term_string\"}}],\"inLanguage\":\"ca\"},{\"@type\":\"Organization\",\"@id\":\"https:\\\/\\\/rubricafarma.com\\\/ca#organization\",\"name\":\"R\u00fabrica Farma\",\"url\":\"https:\\\/\\\/rubricafarma.com\\\/ca\",\"logo\":{\"@type\":\"ImageObject\",\"inLanguage\":\"ca\",\"@id\":\"https:\\\/\\\/rubricafarma.com\\\/ca#\\\/schema\\\/logo\\\/image\\\/\",\"url\":\"https:\\\/\\\/rubricafarma.com\\\/wp-content\\\/uploads\\\/2022\\\/01\\\/AF_Lg-Rubrica-4T.png\",\"contentUrl\":\"https:\\\/\\\/rubricafarma.com\\\/wp-content\\\/uploads\\\/2022\\\/01\\\/AF_Lg-Rubrica-4T.png\",\"width\":2848,\"height\":973,\"caption\":\"R\u00fabrica Farma\"},\"image\":{\"@id\":\"https:\\\/\\\/rubricafarma.com\\\/ca#\\\/schema\\\/logo\\\/image\\\/\"},\"sameAs\":[\"https:\\\/\\\/www.instagram.com\\\/rubricafarma\\\/\",\"https:\\\/\\\/www.linkedin.com\\\/company\\\/rubricafarma\\\/\",\"https:\\\/\\\/www.youtube.com\\\/@rubricafarma\"]},{\"@type\":\"Person\",\"@id\":\"https:\\\/\\\/rubricafarma.com\\\/ca#\\\/schema\\\/person\\\/824f48a4d026d1e601a475b54cc15007\",\"name\":\"ltw\",\"image\":{\"@type\":\"ImageObject\",\"inLanguage\":\"ca\",\"@id\":\"https:\\\/\\\/secure.gravatar.com\\\/avatar\\\/380cc708f47471bff68092cbe4847fdaa1e409850d35ec1b3e49ac2fff8c8618?s=96&d=mm&r=g\",\"url\":\"https:\\\/\\\/secure.gravatar.com\\\/avatar\\\/380cc708f47471bff68092cbe4847fdaa1e409850d35ec1b3e49ac2fff8c8618?s=96&d=mm&r=g\",\"contentUrl\":\"https:\\\/\\\/secure.gravatar.com\\\/avatar\\\/380cc708f47471bff68092cbe4847fdaa1e409850d35ec1b3e49ac2fff8c8618?s=96&d=mm&r=g\",\"caption\":\"ltw\"},\"url\":\"https:\\\/\\\/rubricafarma.com\\\/ca\\\/author\\\/ltw\"}]}<\/script>\n<!-- \/ Yoast SEO plugin. -->","yoast_head_json":{"title":"Horari de la farm\u00e0cia... motiu de disputa?","robots":{"index":"index","follow":"follow","max-snippet":"max-snippet:-1","max-image-preview":"max-image-preview:large","max-video-preview":"max-video-preview:-1"},"canonical":"https:\/\/rubricafarma.com\/ca\/blog-ca\/horari-de-la-farmacia-motiu-de-disputa","og_locale":"ca_ES","og_type":"article","og_title":"Horari de la farm\u00e0cia... motiu de disputa?","og_description":"Entre el titular d\u2019una farm\u00e0cia i els seus treballadors poden donar-se alguns temes en els quals hi hagi una certa disparitat d\u2019opinions: l\u2019horari de la farm\u00e0cia pot ser un d\u2019ells. En aquest sentit, els Convenis Col\u00b7lectius Provincials s\u00f3n els que establiran les jornades de treball ordin\u00e0ries m\u00e0ximes (P.e 1.804 h\/anuals Segons conveni de Barcelona, 1782 [&hellip;]","og_url":"https:\/\/rubricafarma.com\/ca\/blog-ca\/horari-de-la-farmacia-motiu-de-disputa","og_site_name":"R\u00fabrica Farma","article_published_time":"2023-05-29T06:28:34+00:00","article_modified_time":"2024-09-09T10:22:24+00:00","og_image":[{"width":2560,"height":1920,"url":"https:\/\/rubricafarma.com\/wp-content\/uploads\/2022\/11\/iStock-1316268689-2-scaled-1.jpg","type":"image\/jpeg"}],"author":"ltw","twitter_card":"summary_large_image","twitter_misc":{"Escrit per":"ltw","Temps estimat de lectura":"2 minuts"},"schema":{"@context":"https:\/\/schema.org","@graph":[{"@type":"Article","@id":"https:\/\/rubricafarma.com\/ca\/blog-ca\/horari-de-la-farmacia-motiu-de-disputa#article","isPartOf":{"@id":"https:\/\/rubricafarma.com\/ca\/blog-ca\/horari-de-la-farmacia-motiu-de-disputa"},"author":{"name":"ltw","@id":"https:\/\/rubricafarma.com\/ca#\/schema\/person\/824f48a4d026d1e601a475b54cc15007"},"headline":"Horari de la farm\u00e0cia&#8230; motiu de disputa?","datePublished":"2023-05-29T06:28:34+00:00","dateModified":"2024-09-09T10:22:24+00:00","mainEntityOfPage":{"@id":"https:\/\/rubricafarma.com\/ca\/blog-ca\/horari-de-la-farmacia-motiu-de-disputa"},"wordCount":419,"publisher":{"@id":"https:\/\/rubricafarma.com\/ca#organization"},"image":{"@id":"https:\/\/rubricafarma.com\/ca\/blog-ca\/horari-de-la-farmacia-motiu-de-disputa#primaryimage"},"thumbnailUrl":"https:\/\/rubricafarma.com\/wp-content\/uploads\/2022\/11\/iStock-1316268689-2-scaled-1.jpg","articleSection":["Blog"],"inLanguage":"ca"},{"@type":"WebPage","@id":"https:\/\/rubricafarma.com\/ca\/blog-ca\/horari-de-la-farmacia-motiu-de-disputa","url":"https:\/\/rubricafarma.com\/ca\/blog-ca\/horari-de-la-farmacia-motiu-de-disputa","name":"Horari de la farm\u00e0cia... motiu de disputa?","isPartOf":{"@id":"https:\/\/rubricafarma.com\/ca#website"},"primaryImageOfPage":{"@id":"https:\/\/rubricafarma.com\/ca\/blog-ca\/horari-de-la-farmacia-motiu-de-disputa#primaryimage"},"image":{"@id":"https:\/\/rubricafarma.com\/ca\/blog-ca\/horari-de-la-farmacia-motiu-de-disputa#primaryimage"},"thumbnailUrl":"https:\/\/rubricafarma.com\/wp-content\/uploads\/2022\/11\/iStock-1316268689-2-scaled-1.jpg","datePublished":"2023-05-29T06:28:34+00:00","dateModified":"2024-09-09T10:22:24+00:00","breadcrumb":{"@id":"https:\/\/rubricafarma.com\/ca\/blog-ca\/horari-de-la-farmacia-motiu-de-disputa#breadcrumb"},"inLanguage":"ca","potentialAction":[{"@type":"ReadAction","target":["https:\/\/rubricafarma.com\/ca\/blog-ca\/horari-de-la-farmacia-motiu-de-disputa"]}]},{"@type":"ImageObject","inLanguage":"ca","@id":"https:\/\/rubricafarma.com\/ca\/blog-ca\/horari-de-la-farmacia-motiu-de-disputa#primaryimage","url":"https:\/\/rubricafarma.com\/wp-content\/uploads\/2022\/11\/iStock-1316268689-2-scaled-1.jpg","contentUrl":"https:\/\/rubricafarma.com\/wp-content\/uploads\/2022\/11\/iStock-1316268689-2-scaled-1.jpg","width":2560,"height":1920,"caption":"Sign in the shape of a green cross, to indicate a pharmacy open in Italy."},{"@type":"BreadcrumbList","@id":"https:\/\/rubricafarma.com\/ca\/blog-ca\/horari-de-la-farmacia-motiu-de-disputa#breadcrumb","itemListElement":[{"@type":"ListItem","position":1,"name":"Portada","item":"https:\/\/rubricafarma.com\/ca"},{"@type":"ListItem","position":2,"name":"Horari de la farm\u00e0cia&#8230; motiu de disputa?"}]},{"@type":"WebSite","@id":"https:\/\/rubricafarma.com\/ca#website","url":"https:\/\/rubricafarma.com\/ca","name":"R\u00fabrica Farma","description":"Compra Venta de Farmacias","publisher":{"@id":"https:\/\/rubricafarma.com\/ca#organization"},"potentialAction":[{"@type":"SearchAction","target":{"@type":"EntryPoint","urlTemplate":"https:\/\/rubricafarma.com\/ca?s={search_term_string}"},"query-input":{"@type":"PropertyValueSpecification","valueRequired":true,"valueName":"search_term_string"}}],"inLanguage":"ca"},{"@type":"Organization","@id":"https:\/\/rubricafarma.com\/ca#organization","name":"R\u00fabrica Farma","url":"https:\/\/rubricafarma.com\/ca","logo":{"@type":"ImageObject","inLanguage":"ca","@id":"https:\/\/rubricafarma.com\/ca#\/schema\/logo\/image\/","url":"https:\/\/rubricafarma.com\/wp-content\/uploads\/2022\/01\/AF_Lg-Rubrica-4T.png","contentUrl":"https:\/\/rubricafarma.com\/wp-content\/uploads\/2022\/01\/AF_Lg-Rubrica-4T.png","width":2848,"height":973,"caption":"R\u00fabrica Farma"},"image":{"@id":"https:\/\/rubricafarma.com\/ca#\/schema\/logo\/image\/"},"sameAs":["https:\/\/www.instagram.com\/rubricafarma\/","https:\/\/www.linkedin.com\/company\/rubricafarma\/","https:\/\/www.youtube.com\/@rubricafarma"]},{"@type":"Person","@id":"https:\/\/rubricafarma.com\/ca#\/schema\/person\/824f48a4d026d1e601a475b54cc15007","name":"ltw","image":{"@type":"ImageObject","inLanguage":"ca","@id":"https:\/\/secure.gravatar.com\/avatar\/380cc708f47471bff68092cbe4847fdaa1e409850d35ec1b3e49ac2fff8c8618?s=96&d=mm&r=g","url":"https:\/\/secure.gravatar.com\/avatar\/380cc708f47471bff68092cbe4847fdaa1e409850d35ec1b3e49ac2fff8c8618?s=96&d=mm&r=g","contentUrl":"https:\/\/secure.gravatar.com\/avatar\/380cc708f47471bff68092cbe4847fdaa1e409850d35ec1b3e49ac2fff8c8618?s=96&d=mm&r=g","caption":"ltw"},"url":"https:\/\/rubricafarma.com\/ca\/author\/ltw"}]}},"_links":{"self":[{"href":"https:\/\/rubricafarma.com\/ca\/wp-json\/wp\/v2\/posts\/3471","targetHints":{"allow":["GET"]}}],"collection":[{"href":"https:\/\/rubricafarma.com\/ca\/wp-json\/wp\/v2\/posts"}],"about":[{"href":"https:\/\/rubricafarma.com\/ca\/wp-json\/wp\/v2\/types\/post"}],"author":[{"embeddable":true,"href":"https:\/\/rubricafarma.com\/ca\/wp-json\/wp\/v2\/users\/3"}],"replies":[{"embeddable":true,"href":"https:\/\/rubricafarma.com\/ca\/wp-json\/wp\/v2\/comments?post=3471"}],"version-history":[{"count":2,"href":"https:\/\/rubricafarma.com\/ca\/wp-json\/wp\/v2\/posts\/3471\/revisions"}],"predecessor-version":[{"id":3976,"href":"https:\/\/rubricafarma.com\/ca\/wp-json\/wp\/v2\/posts\/3471\/revisions\/3976"}],"wp:featuredmedia":[{"embeddable":true,"href":"https:\/\/rubricafarma.com\/ca\/wp-json\/wp\/v2\/media\/3265"}],"wp:attachment":[{"href":"https:\/\/rubricafarma.com\/ca\/wp-json\/wp\/v2\/media?parent=3471"}],"wp:term":[{"taxonomy":"category","embeddable":true,"href":"https:\/\/rubricafarma.com\/ca\/wp-json\/wp\/v2\/categories?post=3471"},{"taxonomy":"post_tag","embeddable":true,"href":"https:\/\/rubricafarma.com\/ca\/wp-json\/wp\/v2\/tags?post=3471"}],"curies":[{"name":"wp","href":"https:\/\/api.w.org\/{rel}","templated":true}]}}